{"id":2044,"date":"2019-08-18T13:32:01","date_gmt":"2019-08-18T13:32:01","guid":{"rendered":"https:\/\/d2ia.fr\/la-repression-des-ouighours-jusquou-ira\/"},"modified":"2019-08-18T13:32:01","modified_gmt":"2019-08-18T13:32:01","slug":"la-repression-des-ouighours-jusquou-ira","status":"publish","type":"post","link":"https:\/\/d2ia.fr\/en\/la-repression-des-ouighours-jusquou-ira\/","title":{"rendered":"La r\u00e9pression des Ou\u00efghours : jusqu\u2019o\u00f9 ira [&#8230;]"},"content":{"rendered":"<p>CASTETS R\u00e9mi, Emission G\u00e9opolitique &#8220;La r\u00e9pression des Ou\u00efghours : jusqu\u2019o\u00f9 ira le nationalisme de Xi Jinping ?&#8221;, <em>Radio France International<\/em>, 18\/08\/2019, <a href=\"http:\/\/www.rfi.fr\/emission\/20190818-ouighours-chine-repression-xi-jinping-nationalisme\">D\u00e9couvrir<\/a><\/p>\n","protected":false},"excerpt":{"rendered":"<p>CASTETS R\u00e9mi, Emission G\u00e9opolitique &#8220;La r\u00e9pression des Ou\u00efghours : jusqu\u2019o\u00f9 ira le nationalisme de Xi Jinping ?&#8221;, Radio France International, 18\/08\/2019, D\u00e9couvrir<\/p>\n","protected":false},"author":2,"featured_media":0,"comment_status":"open","ping_status":"open","sticky":false,"template":"","format":"standard","meta":{"_et_pb_use_builder":"","_et_pb_old_content":"","_et_gb_content_width":"","footnotes":""},"categories":[33],"tags":[],"class_list":["post-2044","post","type-post","status-publish","format-standard","hentry","category-diffusion-en"],"_links":{"self":[{"href":"https:\/\/d2ia.fr\/en\/wp-json\/wp\/v2\/posts\/2044","targetHints":{"allow":["GET"]}}],"collection":[{"href":"https:\/\/d2ia.fr\/en\/wp-json\/wp\/v2\/posts"}],"about":[{"href":"https:\/\/d2ia.fr\/en\/wp-json\/wp\/v2\/types\/post"}],"author":[{"embeddable":true,"href":"https:\/\/d2ia.fr\/en\/wp-json\/wp\/v2\/users\/2"}],"replies":[{"embeddable":true,"href":"https:\/\/d2ia.fr\/en\/wp-json\/wp\/v2\/comments?post=2044"}],"version-history":[{"count":0,"href":"https:\/\/d2ia.fr\/en\/wp-json\/wp\/v2\/posts\/2044\/revisions"}],"wp:attachment":[{"href":"https:\/\/d2ia.fr\/en\/wp-json\/wp\/v2\/media?parent=2044"}],"wp:term":[{"taxonomy":"category","embeddable":true,"href":"https:\/\/d2ia.fr\/en\/wp-json\/wp\/v2\/categories?post=2044"},{"taxonomy":"post_tag","embeddable":true,"href":"https:\/\/d2ia.fr\/en\/wp-json\/wp\/v2\/tags?post=2044"}],"curies":[{"name":"wp","href":"https:\/\/api.w.org\/{rel}","templated":true}]}}