{"id":2098,"date":"2022-01-19T13:58:00","date_gmt":"2022-01-19T13:58:00","guid":{"rendered":"https:\/\/d2ia.fr\/asia-and-the-secular-francophone-perspectives-in-a-global-age\/"},"modified":"2022-01-19T13:58:00","modified_gmt":"2022-01-19T13:58:00","slug":"asia-and-the-secular-francophone-perspectives-in-a-global-age","status":"publish","type":"post","link":"https:\/\/d2ia.fr\/en\/asia-and-the-secular-francophone-perspectives-in-a-global-age\/","title":{"rendered":"Asia and the Secular. Francophone perspectives in a Global Age"},"content":{"rendered":"<p>BORDEAUX Pascal, DUFOURMONT Eddy, LALIBERT\u00c9 Andr\u00e9 &amp; MADINIER R\u00e9my (ed.), <em>Asia and the Secular. Francophone perspectives in a Global Age<\/em>, De Gruyter, Berlin, 2022<\/p>\n","protected":false},"excerpt":{"rendered":"<p>BORDEAUX Pascal, DUFOURMONT Eddy, LALIBERT\u00c9 Andr\u00e9 &amp; MADINIER R\u00e9my (ed.), Asia and the Secular. Francophone perspectives in a Global Age, De Gruyter, Berlin, 2022<\/p>\n","protected":false},"author":2,"featured_media":0,"comment_status":"closed","ping_status":"closed","sticky":false,"template":"","format":"standard","meta":{"_et_pb_use_builder":"","_et_pb_old_content":"","_et_gb_content_width":"","footnotes":""},"categories":[37],"tags":[],"class_list":["post-2098","post","type-post","status-publish","format-standard","hentry","category-publi-ouvrages-en"],"_links":{"self":[{"href":"https:\/\/d2ia.fr\/en\/wp-json\/wp\/v2\/posts\/2098","targetHints":{"allow":["GET"]}}],"collection":[{"href":"https:\/\/d2ia.fr\/en\/wp-json\/wp\/v2\/posts"}],"about":[{"href":"https:\/\/d2ia.fr\/en\/wp-json\/wp\/v2\/types\/post"}],"author":[{"embeddable":true,"href":"https:\/\/d2ia.fr\/en\/wp-json\/wp\/v2\/users\/2"}],"replies":[{"embeddable":true,"href":"https:\/\/d2ia.fr\/en\/wp-json\/wp\/v2\/comments?post=2098"}],"version-history":[{"count":0,"href":"https:\/\/d2ia.fr\/en\/wp-json\/wp\/v2\/posts\/2098\/revisions"}],"wp:attachment":[{"href":"https:\/\/d2ia.fr\/en\/wp-json\/wp\/v2\/media?parent=2098"}],"wp:term":[{"taxonomy":"category","embeddable":true,"href":"https:\/\/d2ia.fr\/en\/wp-json\/wp\/v2\/categories?post=2098"},{"taxonomy":"post_tag","embeddable":true,"href":"https:\/\/d2ia.fr\/en\/wp-json\/wp\/v2\/tags?post=2098"}],"curies":[{"name":"wp","href":"https:\/\/api.w.org\/{rel}","templated":true}]}}